{"id":2200,"date":"2011-09-30T12:05:56","date_gmt":"2011-09-30T10:05:56","guid":{"rendered":"http:\/\/rephlex.de\/blog\/?p=2200"},"modified":"2011-09-30T12:07:38","modified_gmt":"2011-09-30T10:07:38","slug":"drangeblieben-videouberwachung-in-bamberg","status":"publish","type":"post","link":"https:\/\/rephlex.de\/blog\/2011\/09\/30\/drangeblieben-videouberwachung-in-bamberg\/","title":{"rendered":"Drangeblieben: Video\u00fcberwachung in Bamberg"},"content":{"rendered":"<figure id=\"attachment_2201\" aria-describedby=\"caption-attachment-2201\" style=\"width: 243px\" class=\"wp-caption alignright\"><a href=\"http:\/\/rephlex.de\/blog\/wp-content\/uploads\/2011\/09\/Surveillance_quevaal.jpg\"><img loading=\"lazy\" decoding=\"async\" class=\"size-full wp-image-2201\" title=\"Surveillance_quevaal\" src=\"http:\/\/rephlex.de\/blog\/wp-content\/uploads\/2011\/09\/Surveillance_quevaal.jpg\" alt=\"Bild: Piraten Trier\" width=\"243\" height=\"281\" srcset=\"https:\/\/rephlex.de\/blog\/wp-content\/uploads\/2011\/09\/Surveillance_quevaal.jpg 500w, https:\/\/rephlex.de\/blog\/wp-content\/uploads\/2011\/09\/Surveillance_quevaal-259x300.jpg 259w\" sizes=\"auto, (max-width: 243px) 100vw, 243px\" \/><\/a><figcaption id=\"caption-attachment-2201\" class=\"wp-caption-text\">Bild: Piraten Trier<\/figcaption><\/figure>\n<p>Ich hatte ja diesen <a href=\"http:\/\/rephlex.de\/blog\/2011\/09\/28\/offene-e-mail-wegen-geplanter-videouberwachung-auf-der-unteren-und-oberen-brucke-in-bamberg\/\" target=\"_blank\">Artikel \u00fcber die geplante Video\u00fcberwachung an der unteren und oberen Br\u00fccke in Bamberg wegen der Stauffenberg-Gedenktafeln<\/a>.<\/p>\n<p><a href=\"http:\/\/ba5711.userphp.bnv-bamberg.de\/index.php?option=com_content&amp;view=article&amp;id=1281:risiko-an-einem-rprominenten-ortl&amp;catid=61:sept-2011&amp;Itemid=2\" target=\"_blank\">Die freie WebZet hat hier einen weiterf\u00fchrenden Artikel<\/a>, in der die Situation nach der Stadtratsversammlung nochmal &#8211; wie ich finde sehr gut und ausf\u00fchrlich &#8211; zusammengefasst wird.<\/p>\n<p>Geistiger Urheber der Idee ist dem Artikel nach &#8211; wer sonst &#8211; die Polizei. War ja klar.<\/p>\n<p>Man liest da von Ideen wie z.B. die Hl. Kunigunde einfach mit in die \u00dcberwachung aufzunehmen. Und Herr Tscherner schreit, man k\u00f6nne doch den ZOB auch noch mit \u00fcberwachen, wegen der vielen Schl\u00e4gereien.<\/p>\n<blockquote><p>Norbert Tscherner pl\u00e4dierte sogar f\u00fcr mehr Kameras in der Stadt, zum Beispiel am ZOB. Dort seien schon wiederholt Gewalthandlungen gegen\u00fcber Jugendlichen vorgekommen.<\/p><\/blockquote>\n<p>Lieber Herr Tscherner,\u00a0 wie viele Schl\u00e4gereien gibt es an Bamberger Schulen t\u00e4glich, was meinen Sie? F\u00fcr Ihre kameraverkaufenden Freunde ist viel zu tun!<\/p>\n<p>Ein paar Vorschl\u00e4ge zur \u00dcberwachung hab ich noch:<\/p>\n<ul>\n<li>Wieso nicht auch die ganze Sandstra\u00dfe?<\/li>\n<li>Den Bereich vorm Morph Club, da ist es doch immer sowas von laut, dann wissen wir wer da immer rumpl\u00e4rrt.<\/li>\n<li>Die Hainwiese, da sind doch immer die Hundehalter die die Hinterlassenschaften ihrer Tiere nicht mit nach Hause nehmen, die k\u00f6nnte man doch auch mal belangen. Und Hippies rauchen da komische Zigaretten.<\/li>\n<li>Gegen\u00fcber vom Bahnhofsvorplatz, da bei der Post, da treffen sich immer obdachlose Alkis und animieren minderj\u00e4hrige zum saufen.<\/li>\n<li>Den P&amp;R am Berliner Ring, da sind immer illegale Technoparties.<\/li>\n<li>Den Maxplatz, da schw\u00e4nzen Sch\u00fcler den Unterricht.<\/li>\n<\/ul>\n<p>Ja nee, so lustig ist das alles gar nicht. Ich finde das sehr, sehr bedenklich. Die dort beschriebene Idee, die Steintafeln einfach mit einer <em>verdammten<\/em> Plexiglasverkleidung fr\u00fc paar mark fuffzich zu umbauen, wurde genannt (die Idee ist \u00fcbrigens von mir \ud83d\ude42 ) &#8211; wird aber nur <em>&#8222;gepr\u00fcft&#8220;<\/em>.<\/p>\n<p><strong>Gepr\u00fcft wann? Von wem? Von der Firma die die Kameras aufbauen soll? Ha, ha.<\/strong><\/p>\n","protected":false},"excerpt":{"rendered":"<p>Ich hatte ja diesen Artikel \u00fcber die geplante Video\u00fcberwachung an der unteren und oberen Br\u00fccke in Bamberg wegen der Stauffenberg-Gedenktafeln. Die freie WebZet hat hier einen weiterf\u00fchrenden Artikel, in der die Situation nach der Stadtratsversammlung nochmal &#8211; wie ich finde sehr gut und ausf\u00fchrlich &#8211; zusammengefasst wird. Geistiger Urheber der Idee ist dem Artikel nach [&hellip;]<\/p>\n","protected":false},"author":2,"featured_media":0,"comment_status":"open","ping_status":"closed","sticky":false,"template":"","format":"standard","meta":{"site-sidebar-layout":"default","site-content-layout":"","ast-site-content-layout":"default","site-content-style":"default","site-sidebar-style":"default","ast-global-header-display":"","ast-banner-title-visibility":"","ast-main-header-display":"","ast-hfb-above-header-display":"","ast-hfb-below-header-display":"","ast-hfb-mobile-header-display":"","site-post-title":"","ast-breadcrumbs-content":"","ast-featured-img":"","footer-sml-layout":"","ast-disable-related-posts":"","theme-transparent-header-meta":"","adv-header-id-meta":"","stick-header-meta":"","header-above-stick-meta":"","header-main-stick-meta":"","header-below-stick-meta":"","astra-migrate-meta-layouts":"default","ast-page-background-enabled":"default","ast-page-background-meta":{"desktop":{"background-color":"var(--ast-global-color-5)","background-image":"","background-repeat":"repeat","background-position":"center center","background-size":"auto","background-attachment":"scroll","background-type":"","background-media":"","overlay-type":"","overlay-color":"","overlay-opacity":"","overlay-gradient":""},"tablet":{"background-color":"","background-image":"","background-repeat":"repeat","background-position":"center center","background-size":"auto","background-attachment":"scroll","background-type":"","background-media":"","overlay-type":"","overlay-color":"","overlay-opacity":"","overlay-gradient":""},"mobile":{"background-color":"","background-image":"","background-repeat":"repeat","background-position":"center center","background-size":"auto","background-attachment":"scroll","background-type":"","background-media":"","overlay-type":"","overlay-color":"","overlay-opacity":"","overlay-gradient":""}},"ast-content-background-meta":{"desktop":{"background-color":"var(--ast-global-color-4)","background-image":"","background-repeat":"repeat","background-position":"center center","background-size":"auto","background-attachment":"scroll","background-type":"","background-media":"","overlay-type":"","overlay-color":"","overlay-opacity":"","overlay-gradient":""},"tablet":{"background-color":"var(--ast-global-color-4)","background-image":"","background-repeat":"repeat","background-position":"center center","background-size":"auto","background-attachment":"scroll","background-type":"","background-media":"","overlay-type":"","overlay-color":"","overlay-opacity":"","overlay-gradient":""},"mobile":{"background-color":"var(--ast-global-color-4)","background-image":"","background-repeat":"repeat","background-position":"center center","background-size":"auto","background-attachment":"scroll","background-type":"","background-media":"","overlay-type":"","overlay-color":"","overlay-opacity":"","overlay-gradient":""}},"footnotes":""},"categories":[16],"tags":[],"class_list":["post-2200","post","type-post","status-publish","format-standard","hentry","category-politik-gesellschaft"],"_links":{"self":[{"href":"https:\/\/rephlex.de\/blog\/wp-json\/wp\/v2\/posts\/2200","targetHints":{"allow":["GET"]}}],"collection":[{"href":"https:\/\/rephlex.de\/blog\/wp-json\/wp\/v2\/posts"}],"about":[{"href":"https:\/\/rephlex.de\/blog\/wp-json\/wp\/v2\/types\/post"}],"author":[{"embeddable":true,"href":"https:\/\/rephlex.de\/blog\/wp-json\/wp\/v2\/users\/2"}],"replies":[{"embeddable":true,"href":"https:\/\/rephlex.de\/blog\/wp-json\/wp\/v2\/comments?post=2200"}],"version-history":[{"count":1,"href":"https:\/\/rephlex.de\/blog\/wp-json\/wp\/v2\/posts\/2200\/revisions"}],"predecessor-version":[{"id":2203,"href":"https:\/\/rephlex.de\/blog\/wp-json\/wp\/v2\/posts\/2200\/revisions\/2203"}],"wp:attachment":[{"href":"https:\/\/rephlex.de\/blog\/wp-json\/wp\/v2\/media?parent=2200"}],"wp:term":[{"taxonomy":"category","embeddable":true,"href":"https:\/\/rephlex.de\/blog\/wp-json\/wp\/v2\/categories?post=2200"},{"taxonomy":"post_tag","embeddable":true,"href":"https:\/\/rephlex.de\/blog\/wp-json\/wp\/v2\/tags?post=2200"}],"curies":[{"name":"wp","href":"https:\/\/api.w.org\/{rel}","templated":true}]}}