{"id":2170,"date":"2011-09-28T10:06:46","date_gmt":"2011-09-28T08:06:46","guid":{"rendered":"http:\/\/rephlex.de\/blog\/?p=2170"},"modified":"2011-09-29T18:39:46","modified_gmt":"2011-09-29T16:39:46","slug":"offene-e-mail-wegen-geplanter-videouberwachung-auf-der-unteren-und-oberen-brucke-in-bamberg","status":"publish","type":"post","link":"https:\/\/rephlex.de\/blog\/2011\/09\/28\/offene-e-mail-wegen-geplanter-videouberwachung-auf-der-unteren-und-oberen-brucke-in-bamberg\/","title":{"rendered":"Offene E-Mail wegen geplanter Video\u00fcberwachung auf der Unteren und Oberen Br\u00fccke in Bamberg"},"content":{"rendered":"<figure id=\"attachment_2171\" aria-describedby=\"caption-attachment-2171\" style=\"width: 247px\" class=\"wp-caption alignright\"><a href=\"http:\/\/rephlex.de\/blog\/wp-content\/uploads\/2011\/09\/2406701387_eb0b64a6b8.jpg\"><img loading=\"lazy\" decoding=\"async\" class=\"size-full wp-image-2171 \" title=\"2406701387_eb0b64a6b8\" src=\"http:\/\/rephlex.de\/blog\/wp-content\/uploads\/2011\/09\/2406701387_eb0b64a6b8.jpg\" alt=\"Das Bamberger Br\u00fcckenrathaus \/ Foto von jluster \/ Lizenz CC-BY-SA\" width=\"247\" height=\"330\" srcset=\"https:\/\/rephlex.de\/blog\/wp-content\/uploads\/2011\/09\/2406701387_eb0b64a6b8.jpg 375w, https:\/\/rephlex.de\/blog\/wp-content\/uploads\/2011\/09\/2406701387_eb0b64a6b8-225x300.jpg 225w\" sizes=\"auto, (max-width: 247px) 100vw, 247px\" \/><\/a><figcaption id=\"caption-attachment-2171\" class=\"wp-caption-text\">Das Bamberger Br\u00fcckenrathaus \/ Foto von jluster \/ Lizenz CC-BY-SA<\/figcaption><\/figure>\n<p>Der Bamberger Stadtrat entscheidet heute \u00fcber eine geplante Video\u00fcberwachungsma\u00dfnahme am Br\u00fcckenrathaus in Bamberg. Diesbez\u00fcglich hat <a href=\"Offene%20E-Mail%20wegen%20geplanter%20Video%C3%BCberwachung%20auf%20der%20Unteren%20und%20Oberen%20Br%C3%BCcke%20in%20Bamberg\">Benjamin St\u00f6cker<\/a> eine offene E-Mail an die Stadtr\u00e4te und den Oberb\u00fcrgermeister der Stadt verfasst:<\/p>\n<p>Sehr geehrter Oberb\u00fcrgermeister Starke, sehr geehrte Damen und Herren des Stadtrates,<\/p>\n<p>mein Name ist Benjamin St\u00f6cker und ich lebe seit sechs Jahren in Bischberg. Obwohl dies\u00a0 nicht zu Bamberg geh\u00f6rt, hat es Bamberg in den sechs Jahren meiner Anwesenheit mit seinem jungen Leben, seiner Weltoffenheit, seiner Freiheit und all seinen Eigenarten geschafft, dass ich hier nicht nur lebe und arbeite, sondern das ich in &#8222;Freakcity&#8220; meine Heimat fand.<\/p>\n<p>Mit Verwunderung nahm ich bereits die Regelungen zu den Sperrstunden in der Sandstra\u00dfe\/Innenstadt zur Kenntnis. Auch wenn ich die Ma\u00dfnahme mit Blick auf die Anwohner nachvollziehen konnte, halte ich sie im Sinne einer langfristigen Stadtentwicklung f\u00fcr sch\u00e4dlich. Es nimmt Bamberg viel von seinem jugendlichen Leben.<\/p>\n<p>Mit Erschrecken las ich gestern den Bericht von <a href=\"http:\/\/www.infranken.de\/nachrichten\/lokales\/bamberg\/Kameras-sollen-den-Vandalismus-eindaemmen;art212,205913?mobileVersion=no\" target=\"_blank\">infranken.de<\/a> \u00fcber die geplanten Video\u00fcberwachungsma\u00dfnahmen zur Eind\u00e4mmung von Vandalismus am Br\u00fcckenrathaus. Ich verstehe, dass die stetige Restauration der Gedenktafeln nur \u00e4rgerlich und f\u00fcr die Stadt mit hohen Kosten verbunden ist, und dass man deswegen ein starkes Interesse daran hat, die T\u00e4ter zu fassen. Allerdings sollte man sich fragen, ob eine Video\u00fcberwachung das richtige Mittel ist.<\/p>\n<p>Wenn wir davon ausgehen, dass der Vandalismus wirklich politisch motiviert ist, w\u00e4re es dann nicht auch anzunehmen, dass die Vandalen angesichts der Kameras Gegenma\u00dfnahmen ergreifen werden? Sie k\u00f6nnten sich vermummen oder noch effektiver die Kameras selbst mit Farbbeuteln besch\u00e4digen, oder gar einfach abmontieren und mitnehmen. Vielleicht erinnern sie sich schon, aber so erging es bereits den ber\u00fchmten Kameras f\u00fcr die nie funktionierende Durchfahrtssperre im Sandgebiet?<\/p>\n<p>Aber gut, gehen wir dennoch einmal kurz davon aus, das die Kameras eine Chance h\u00e4tten bei der Aufkl\u00e4rung der bedauerlichen F\u00e4lle von Vandalismus zu helfen, erschreckt es mich dennoch, dass scheinbar kein Stadtrat \u00fcber die Verh\u00e4ltnism\u00e4\u00dfigkeit der Ma\u00dfnahme nachgedacht hat. Diesen Eindruck erweckte zumindest bei mir die Berichterstattung von infranken.de.<\/p>\n<p>Halten Sie es wirklich f\u00fcr angemessen, einen so belebten Touristenweg zu filmen und diese Aufzeichnungen sieben Tage aufzubewahren? Ich pers\u00f6nlich hatte Bamberg als einen Hort der Freiheit und der freien Lebensart mit stolzer Geschichte in diesem Bereich erfahren. Umso mehr bin ich schockiert \u00fcber die Leichtigkeit, mit denen die politischen Entscheidungstr\u00e4ger dieser Stadt offenkundig \u00fcber selbige bereit sind hinweg zu gehen.<\/p>\n<p>Leider wird in dem Artikel nicht erw\u00e4hnt, ob man erw\u00e4gt die Kamaras wieder abzumontieren, wenn diese Jagd mit Kanonen auf Spatzen Erfolg haben sollte. Was w\u00fcrde in so einem Fall mit den Kamaras geschehen? Und w\u00e4re der Stadtrat f\u00fcr den Fall, dass die Kameras die Vandalen wirklich abschrecken, und sie sich daf\u00fcr einfach ein neues Ziel suchen bereit, die \u00dcberwachung auf weitere Teile der Stadt auszuweiten?<\/p>\n<p>Aber ich will nicht nur an ihr Gewissen und ihr Gef\u00fchl f\u00fcr B\u00fcrgerrechte, und dazu geh\u00f6rt auch das Recht sich in \u00f6ffentlichen R\u00e4umen ohne \u00dcberwachung zu bewegen, appellieren. Nein ich nenne Ihnen auch gerne Alternativen zu einer Video\u00fcberwachung.<\/p>\n<p>Man k\u00f6nnte doch die Tafeln in Acrylglas einfassen, so dass eine Restaurierung der Tafel bei einem erneuten Anschlag nicht n\u00f6tig w\u00fcrde, sondern nur ein &#8211; technisch wesentlich einfacheres &#8211; s\u00e4ubern der Acrylglas-Umh\u00fcllung. Acrylglas h\u00e4lt dar\u00fcber hinaus Attacken mit Bierflaschen oder Hammerschl\u00e4ge mit Leichtigkeit aus. Sicherlich, damit sind die T\u00e4ter nicht gefasst, aber die Kosten sind um einiges niedriger.<\/p>\n<p>Eine weitere sinnvolle Ma\u00dfnahme k\u00f6nnte sein, die Br\u00fccke besser zu auszuleuchten. Denn im Gegensatz zu einer Kamara d\u00fcrfte dies die T\u00e4ter tats\u00e4chlich abschrecken &#8211; sie w\u00e4ren f\u00fcr Passanten und Anwohner sichtbar, und beide haben gegen\u00fcber von Videokamaras entscheidene Vorteile: Man wird sie weder entwenden noch besch\u00e4digen und sie rufen sofort die Polizei.<\/p>\n<p>Auch untersch\u00e4tzen Sie scheinbar die Folgekosten der Kamera\u00fcberwachung. Ich will Sie\u00a0 noch einmal an die Situation der Polleranlagen im Sandgebiet erinnern: Kameras und die Aufzeichnungen m\u00fcssen regelm\u00e4\u00dfig gewartet und kontrolliert werden. Geschieht dies nicht, besteht die Gefahr, dass die Kamara im Ernstfall nichts brauchbares aufzeichnet.<\/p>\n<p>Es g\u00e4be also durchaus &#8211; im Gegensatz zur Meinung der Stadtr\u00e4tin Ursula Sowa &#8211; Alternativen, die man im Sinne der Freiheit und den Grundrechten des Einzelnen zumindest vorher ausprobieren sollte, bevor man zum harten Mittel der Video\u00fcberwachung greift. Ich bitte sie daher, stimmen sie am Mittwoch gegen eine Video\u00fcberwachung der oberen und unteren Br\u00fccke und erhalten sie Bamberg als einen Ort, an dem man sich weitestgehend un\u00fcberwacht in der Innenstadt bewegen kann.<\/p>\n<p>Mit freundlichen Gr\u00fc\u00dfen<\/p>\n<p>Benjamin St\u00f6cker<\/p>\n<p><strong>Update um 11 Uhr (noch vor der Sitzung):<\/strong><\/p>\n<p>Benjamin St\u00f6cker twittert:<\/p>\n<blockquote><p>Und die GAL antwortet schon: Anders als auf infranken.de dargestellt werden sie die Video\u00fcberwachung ablehnen<\/p><\/blockquote>\n<p><strong>Update nach der Sitzung:<\/strong><\/p>\n<p>Der Antrag wurde angenommen, die Kameras sind beschlossene Sache.<\/p>\n<p>Die GAL <strong>soll<\/strong> sich enthalten haben, statt dagegenzustimmen, das ist aber aus unsicherer Quelle, bitte nicht als Tatsache nehmen. Die Idee mit dem Acryl\/Plexiglas wurde wohl nur ganz kurz angesprochen.<\/p>\n<p>Gl\u00fcckwunsch, lieber Stadtrat, f\u00fcr diese grandiose Fehlentscheidung.<\/p>\n","protected":false},"excerpt":{"rendered":"<p>Der Bamberger Stadtrat entscheidet heute \u00fcber eine geplante Video\u00fcberwachungsma\u00dfnahme am Br\u00fcckenrathaus in Bamberg. Diesbez\u00fcglich hat Benjamin St\u00f6cker eine offene E-Mail an die Stadtr\u00e4te und den Oberb\u00fcrgermeister der Stadt verfasst: Sehr geehrter Oberb\u00fcrgermeister Starke, sehr geehrte Damen und Herren des Stadtrates, mein Name ist Benjamin St\u00f6cker und ich lebe seit sechs Jahren in Bischberg. Obwohl dies\u00a0 [&hellip;]<\/p>\n","protected":false},"author":2,"featured_media":0,"comment_status":"open","ping_status":"closed","sticky":false,"template":"","format":"standard","meta":{"site-sidebar-layout":"default","site-content-layout":"","ast-site-content-layout":"default","site-content-style":"default","site-sidebar-style":"default","ast-global-header-display":"","ast-banner-title-visibility":"","ast-main-header-display":"","ast-hfb-above-header-display":"","ast-hfb-below-header-display":"","ast-hfb-mobile-header-display":"","site-post-title":"","ast-breadcrumbs-content":"","ast-featured-img":"","footer-sml-layout":"","ast-disable-related-posts":"","theme-transparent-header-meta":"","adv-header-id-meta":"","stick-header-meta":"","header-above-stick-meta":"","header-main-stick-meta":"","header-below-stick-meta":"","astra-migrate-meta-layouts":"default","ast-page-background-enabled":"default","ast-page-background-meta":{"desktop":{"background-color":"var(--ast-global-color-5)","background-image":"","background-repeat":"repeat","background-position":"center center","background-size":"auto","background-attachment":"scroll","background-type":"","background-media":"","overlay-type":"","overlay-color":"","overlay-opacity":"","overlay-gradient":""},"tablet":{"background-color":"","background-image":"","background-repeat":"repeat","background-position":"center center","background-size":"auto","background-attachment":"scroll","background-type":"","background-media":"","overlay-type":"","overlay-color":"","overlay-opacity":"","overlay-gradient":""},"mobile":{"background-color":"","background-image":"","background-repeat":"repeat","background-position":"center center","background-size":"auto","background-attachment":"scroll","background-type":"","background-media":"","overlay-type":"","overlay-color":"","overlay-opacity":"","overlay-gradient":""}},"ast-content-background-meta":{"desktop":{"background-color":"var(--ast-global-color-4)","background-image":"","background-repeat":"repeat","background-position":"center center","background-size":"auto","background-attachment":"scroll","background-type":"","background-media":"","overlay-type":"","overlay-color":"","overlay-opacity":"","overlay-gradient":""},"tablet":{"background-color":"var(--ast-global-color-4)","background-image":"","background-repeat":"repeat","background-position":"center center","background-size":"auto","background-attachment":"scroll","background-type":"","background-media":"","overlay-type":"","overlay-color":"","overlay-opacity":"","overlay-gradient":""},"mobile":{"background-color":"var(--ast-global-color-4)","background-image":"","background-repeat":"repeat","background-position":"center center","background-size":"auto","background-attachment":"scroll","background-type":"","background-media":"","overlay-type":"","overlay-color":"","overlay-opacity":"","overlay-gradient":""}},"footnotes":""},"categories":[16],"tags":[],"class_list":["post-2170","post","type-post","status-publish","format-standard","hentry","category-politik-gesellschaft"],"_links":{"self":[{"href":"https:\/\/rephlex.de\/blog\/wp-json\/wp\/v2\/posts\/2170","targetHints":{"allow":["GET"]}}],"collection":[{"href":"https:\/\/rephlex.de\/blog\/wp-json\/wp\/v2\/posts"}],"about":[{"href":"https:\/\/rephlex.de\/blog\/wp-json\/wp\/v2\/types\/post"}],"author":[{"embeddable":true,"href":"https:\/\/rephlex.de\/blog\/wp-json\/wp\/v2\/users\/2"}],"replies":[{"embeddable":true,"href":"https:\/\/rephlex.de\/blog\/wp-json\/wp\/v2\/comments?post=2170"}],"version-history":[{"count":4,"href":"https:\/\/rephlex.de\/blog\/wp-json\/wp\/v2\/posts\/2170\/revisions"}],"predecessor-version":[{"id":2175,"href":"https:\/\/rephlex.de\/blog\/wp-json\/wp\/v2\/posts\/2170\/revisions\/2175"}],"wp:attachment":[{"href":"https:\/\/rephlex.de\/blog\/wp-json\/wp\/v2\/media?parent=2170"}],"wp:term":[{"taxonomy":"category","embeddable":true,"href":"https:\/\/rephlex.de\/blog\/wp-json\/wp\/v2\/categories?post=2170"},{"taxonomy":"post_tag","embeddable":true,"href":"https:\/\/rephlex.de\/blog\/wp-json\/wp\/v2\/tags?post=2170"}],"curies":[{"name":"wp","href":"https:\/\/api.w.org\/{rel}","templated":true}]}}